{"id":5173,"global_id":"www.eglcc.eu\/fr\/?id=5173","global_id_lineage":["www.eglcc.eu\/fr\/?id=5173"],"author":"482","status":"publish","date":"2022-11-19 16:41:56","date_utc":"2022-11-19 15:41:56","modified":"2022-11-19 16:41:56","modified_utc":"2022-11-19 15:41:56","url":"https:\/\/www.eglcc.eu\/fr\/event\/diversity-and-inclusion-day-malmo\/","rest_url":"https:\/\/www.eglcc.eu\/fr\/wp-json\/tribe\/events\/v1\/events\/5173","title":"Diversity and Inclusion Day Malm\u00f6","description":"<p>Event will take place in Malm\u00f6 in collaboration with AmCham.<br \/>\nDetailed infos tba.<\/p>","excerpt":"","slug":"diversity-and-inclusion-day-malmo","image":false,"all_day":false,"start_date":"2022-12-08 11:30:00","start_date_details":{"year":"2022","month":"12","day":"08","hour":"11","minutes":"30","seconds":"00"},"end_date":"2022-12-08 17:00:00","end_date_details":{"year":"2022","month":"12","day":"08","hour":"17","minutes":"00","seconds":"00"},"utc_start_date":"2022-12-08 10:30:00","utc_start_date_details":{"year":"2022","month":"12","day":"08","hour":"10","minutes":"30","seconds":"00"},"utc_end_date":"2022-12-08 16:00:00","utc_end_date_details":{"year":"2022","month":"12","day":"08","hour":"16","minutes":"00","seconds":"00"},"timezone":"Europe\/Berlin","timezone_abbr":"CET","cost":"","cost_details":{"currency_symbol":"","currency_code":"","currency_position":"suffix","values":[]},"website":"","show_map":false,"show_map_link":true,"hide_from_listings":false,"sticky":false,"featured":false,"categories":[],"tags":[],"venue":{"id":5175,"author":"482","status":"publish","date":"2022-11-19 16:41:56","date_utc":"2022-11-19 15:41:56","modified":"2022-11-19 16:41:56","modified_utc":"2022-11-19 15:41:56","url":"https:\/\/www.eglcc.eu\/en\/lieu\/united-spaces-malmo\/","venue":"United Spaces Malm\u00f6","slug":"united-spaces-malmo","address":"Nordenski\u00f6ldsgatan 24","city":"Malm\u00f6","country":"Sweden","phone":"+46 40 608 99 90","json_ld":{"@type":"Place","name":"United Spaces Malm\u00f6","description":"","url":"","address":{"@type":"PostalAddress","streetAddress":"Nordenski\u00f6ldsgatan 24","addressLocality":"Malm\u00f6","addressCountry":"Sweden"},"telephone":"+46 40 608 99 90","sameAs":""},"show_map":true,"show_map_link":true,"global_id":"www.eglcc.eu\/fr\/?id=5175","global_id_lineage":["www.eglcc.eu\/fr\/?id=5175"]},"organizer":[{"id":2430,"author":"57","status":"publish","date":"2020-10-27 17:44:34","date_utc":"2020-10-27 16:44:34","modified":"2020-10-27 17:44:34","modified_utc":"2020-10-27 16:44:34","url":"https:\/\/www.eglcc.eu\/en\/organisateur\/sglcc\/","organizer":"SGLCC","slug":"sglcc","website":"www.sglcc.eu","email":"info@sglcc.eu","json_ld":{"@type":"Person","name":"SGLCC","description":"","url":"http:\/\/www.sglcc.eu","telephone":"","email":"inf&#111;&#64;&#115;g&#108;&#99;&#99;.e&#117;","sameAs":"http:\/\/www.sglcc.eu"},"global_id":"www.eglcc.eu\/fr\/?id=2430","global_id_lineage":["www.eglcc.eu\/fr\/?id=2430"]}],"custom_fields":[],"json_ld":{"@context":"http:\/\/schema.org","@type":"Event","name":"Diversity and Inclusion Day Malm\u00f6","description":"&lt;p&gt;Event will take place in Malm\u00f6 in collaboration with AmCham. Detailed infos tba.&lt;\/p&gt;\\n","url":"https:\/\/www.eglcc.eu\/fr\/event\/diversity-and-inclusion-day-malmo\/","eventAttendanceMode":"https:\/\/schema.org\/OfflineEventAttendanceMode","eventStatus":"https:\/\/schema.org\/EventScheduled","startDate":"2022-12-08T11:30:00+01:00","endDate":"2022-12-08T17:00:00+01:00","location":{"@type":"Place","name":"United Spaces Malm\u00f6","description":"","url":"","address":{"@type":"PostalAddress","streetAddress":"Nordenski\u00f6ldsgatan 24","addressLocality":"Malm\u00f6","addressCountry":"Sweden"},"telephone":"+46 40 608 99 90","sameAs":""},"organizer":{"@type":"Person","name":"SGLCC","description":"","url":"http:\/\/www.sglcc.eu","telephone":"","email":"info&#64;&#115;&#103;&#108;&#99;&#99;.&#101;&#117;","sameAs":"http:\/\/www.sglcc.eu"},"performer":"Organization"}}